{"id":758,"date":"2024-05-28T11:19:32","date_gmt":"2024-05-28T11:19:32","guid":{"rendered":"https:\/\/scannero.io\/blog\/?p=758"},"modified":"2026-02-13T09:11:22","modified_gmt":"2026-02-13T09:11:22","slug":"is-it-illegal-to-track-someones-phone","status":"publish","type":"post","link":"https:\/\/scannero.com\/blog\/hu\/is-it-illegal-to-track-someones-phone\/","title":{"rendered":"Illeg\u00e1lis valakinek a telefonj\u00e1t k\u00f6vetni? Vizsg\u00e1ljuk meg"},"content":{"rendered":"<p>Az adatok megoszt\u00e1sa manaps\u00e1g a legt\u00f6bb alkalmaz\u00e1s haszn\u00e1latakor szinte elker\u00fclhetetlen. T\u00f6bb mint 82.78% iOS-alkalmaz\u00e1s nyomon k\u00f6veti a priv\u00e1t felhaszn\u00e1l\u00f3i adatokat, ez\u00e9rt a hat\u00e1rvonalak elmos\u00f3dnak az elfogadhat\u00f3 \u00e9s a leg\u00e1lis k\u00f6z\u00f6tt. Felmer\u00fclhet benned a k\u00e9rd\u00e9s \u2013 illeg\u00e1lis valakinek a telefonj\u00e1t k\u00f6vetni? A v\u00e1lasz erre \u00f6sszetett. Tudjunk meg t\u00f6bbet!<\/p>\n\n\n\n<h2 class=\"wp-block-heading\">Illeg\u00e1lis valakinek a telefonj\u00e1t k\u00f6vetni?<\/h2>\n\n\n<div class=\"wp-block-image\">\n<figure class=\"aligncenter size-large is-resized\"><img loading=\"lazy\" decoding=\"async\" width=\"1024\" height=\"1024\" src=\"https:\/\/scannero.com\/blog\/wp-content\/uploads\/2024\/05\/3354596-1024x1024.jpg\" alt=\"\" class=\"wp-image-762\" style=\"width:436px;height:auto\" srcset=\"https:\/\/scannero.com\/blog\/wp-content\/uploads\/2024\/05\/3354596-1024x1024.jpg 1024w, https:\/\/scannero.com\/blog\/wp-content\/uploads\/2024\/05\/3354596-300x300.jpg 300w, https:\/\/scannero.com\/blog\/wp-content\/uploads\/2024\/05\/3354596-150x150.jpg 150w, https:\/\/scannero.com\/blog\/wp-content\/uploads\/2024\/05\/3354596-768x768.jpg 768w, https:\/\/scannero.com\/blog\/wp-content\/uploads\/2024\/05\/3354596-1536x1536.jpg 1536w, https:\/\/scannero.com\/blog\/wp-content\/uploads\/2024\/05\/3354596-12x12.jpg 12w, https:\/\/scannero.com\/blog\/wp-content\/uploads\/2024\/05\/3354596-130x130.jpg 130w, https:\/\/scannero.com\/blog\/wp-content\/uploads\/2024\/05\/3354596.jpg 2000w\" sizes=\"auto, (max-width: 1024px) 100vw, 1024px\" \/><\/figure>\n<\/div>\n\n\n<p>Illeg\u00e1lis k\u00f6vetni valakit an\u00e9lk\u00fcl, hogy tudn\u00e1? R\u00f6viden: igen! Illeg\u00e1lis nyomon k\u00f6vetni valakit a telefon kifejezett beleegyez\u00e9se n\u00e9lk\u00fcl. M\u00e9gis, bizonyos tr\u00fckk\u00f6s helyzetek indokolhatj\u00e1k a haszn\u00e1lat\u00e1t.<\/p>\n\n\n\n<p>Sz\u00fcl\u0151k\u00e9nt gyermekei biztons\u00e1ga az els\u0151. Ha mindig t\u00e1j\u00e9kozott marad a holl\u00e9t\u00fckr\u0151l, az sokat jelenthet. El\u0151fordulhat, hogy a munk\u00e1ltat\u00f3nak be kell sz\u00e1molnia a sz\u00e1ll\u00edt\u00e1ssal kapcsolatos friss\u00edt\u00e9sekr\u0151l. Emiatt el\u0151fordulhat, hogy nyomon kell k\u00f6vetni\u00fck a v\u00e1llalati j\u00e1rm\u0171veket, \u00e9s ennek kiterjeszt\u00e9sek\u00e9nt az alkalmazottak tart\u00f3zkod\u00e1si hely\u00e9t.<\/p>\n\n\n\n<p>Mindannyian ker\u00fclt\u00fcnk m\u00e1r ilyen helyzetbe. Bar\u00e1tai t\u00e1voli \u00e9s t\u00e1voli helyeket l\u00e1togattak meg, \u00edgy \u00d6n agg\u00f3dik a biztons\u00e1guk miatt. Hasonl\u00f3k\u00e9ppen agg\u00f3dhat h\u00e1zast\u00e1rsa viselked\u00e9se miatt. Ha mindenesetre vesz\u00e9lyre vagy szab\u00e1lytalans\u00e1gra gyanakszik, csak emberi dolog megtal\u00e1lni a m\u00f3dj\u00e1t, hogy vigy\u00e1zzon szeretteire.<\/p>\n\n\n\n<p>Ez n\u00e9h\u00e1ny olyan eset, amikor k\u00f6nnyen bel\u00e1that\u00f3, mi\u00e9rt lehet sz\u00fcks\u00e9g az emberek nyomon k\u00f6vet\u00e9s\u00e9re.<\/p>\n\n\n\n<h2 class=\"wp-block-heading\">Olyan esetek, amikor leg\u00e1lisan nyomon k\u00f6vetheti valaki tart\u00f3zkod\u00e1si hely\u00e9t<\/h2>\n\n\n\n<p><strong>Illeg\u00e1lis k\u00f6vetni valaki tart\u00f3zkod\u00e1si hely\u00e9t? <\/strong>\u00c1ltal\u00e1ban az. A t\u00f6rv\u00e9ny \u00f6sszetett, de vannak bizonyos forgat\u00f3k\u00f6nyvek, amikor leg\u00e1lisan nyomon k\u00f6vetheti az embereket.<\/p>\n\n\n\n<ul class=\"wp-block-list\">\n<li>Mint a <strong>sz\u00fcl\u0151<\/strong>, nyomon k\u00f6vetheti gyermekei f\u00f6ldrajzi elhelyezked\u00e9s\u00e9t, ha 18 \u00e9vesn\u00e9l fiatalabbak \u00e9s \u00d6nnel \u00e9lnek. Gyermekei j\u00f3l\u00e9te kulcsfontoss\u00e1g\u00fa, de azt tan\u00e1csoljuk, hogy ellen\u0151rizze a helyi adatv\u00e9delmi t\u00f6rv\u00e9nyeket, hogy t\u00f6rv\u00e9nyes maradjon.<\/li>\n\n\n\n<li>Mint egy <strong>munk\u00e1ltat\u00f3<\/strong>, nyomon k\u00f6vetheti az emberek tev\u00e9kenys\u00e9g\u00e9t a c\u00e9g tulajdon\u00e1ban l\u00e9v\u0151 eszk\u00f6z\u00f6k\u00f6n. Az alkalmazottak gyakran beleegyeznek abba, hogy szerz\u0151d\u00e9s\u00fck r\u00e9szek\u00e9nt munkaid\u0151ben valamilyen megfigyel\u00e9st v\u00e9geznek. Egyes \u00e1llamokban azonban az alkalmazottaknak err\u0151l el\u0151zetesen tiszt\u00e1ban kell lenni\u00fck, ez\u00e9rt a legjobb, ha megvizsg\u00e1lja a helyi vagy \u00e1llami t\u00f6rv\u00e9nyeket az \u00fcgyeletes fel\u00fcgyeletre vonatkoz\u00f3an.<\/li>\n\n\n\n<li>Ha a k\u00f6vetett szem\u00e9ly rendelkezik <strong>kifejezett enged\u00e9ly\u00fckkel<\/strong> \u00e9s teljes m\u00e9rt\u00e9kben tudat\u00e1ban van annak, hogy nyomon k\u00f6vetheti a tart\u00f3zkod\u00e1si hely\u00e9t, a lapok vezet\u00e9se \u00e9s k\u00f6vet\u00e9se t\u00f6rv\u00e9nyes, \u00e9s k\u00e9sz!<\/li>\n<\/ul>\n\n\n\n<h2 class=\"wp-block-heading\">Mit mond err\u0151l az amerikai jog?<\/h2>\n\n\n<div class=\"wp-block-image\">\n<figure class=\"aligncenter size-large is-resized\"><img loading=\"lazy\" decoding=\"async\" width=\"1024\" height=\"682\" src=\"https:\/\/scannero.com\/blog\/wp-content\/uploads\/2024\/05\/us-law-1024x682.jpeg\" alt=\"\" class=\"wp-image-763\" style=\"width:456px;height:auto\" srcset=\"https:\/\/scannero.com\/blog\/wp-content\/uploads\/2024\/05\/us-law-1024x682.jpeg 1024w, https:\/\/scannero.com\/blog\/wp-content\/uploads\/2024\/05\/us-law-300x200.jpeg 300w, https:\/\/scannero.com\/blog\/wp-content\/uploads\/2024\/05\/us-law-768x512.jpeg 768w, https:\/\/scannero.com\/blog\/wp-content\/uploads\/2024\/05\/us-law-1536x1024.jpeg 1536w, https:\/\/scannero.com\/blog\/wp-content\/uploads\/2024\/05\/us-law-18x12.jpeg 18w, https:\/\/scannero.com\/blog\/wp-content\/uploads\/2024\/05\/us-law.jpeg 1760w\" sizes=\"auto, (max-width: 1024px) 100vw, 1024px\" \/><\/figure>\n<\/div>\n\n\n<p>Minden \u00e1llamnak megvannak a saj\u00e1t jogszab\u00e1lyai a hozz\u00e1j\u00e1rul\u00e1sra \u00e9s az adatv\u00e9delmi t\u00f6rv\u00e9nyekre vonatkoz\u00f3an. Illeg\u00e1lis k\u00f6vetni valakit az \u00d6n \u00e1llam\u00e1ban? Nos, erre nincs mindenkire \u00e9rv\u00e9nyes v\u00e1lasz.<\/p>\n\n\n\n<p>Sok \u00e1llam reag\u00e1lt a k\u00f6zelm\u00faltban megn\u00f6vekedett adatv\u00e9delmi agg\u00e1lyokra <a href=\"https:\/\/scannero.com\/blog\/track-someone-by-cell-phone-number\/\">nyomon k\u00f6vetni az embereket a tudta n\u00e9lk\u00fcl<\/a>. Az olyan \u00e1llamokban, mint New Hampshire \u00e9s Kalifornia, t\u00f6rv\u00e9nyei tiltj\u00e1k az elektronikus nyomk\u00f6vet\u0151 eszk\u00f6z\u00f6k haszn\u00e1lat\u00e1t a j\u00e1rm\u0171veken, valamint b\u00e1rki tart\u00f3zkod\u00e1si hely\u00e9nek vagy mozg\u00e1s\u00e1nak nyomon k\u00f6vet\u00e9s\u00e9t a beleegyez\u00e9s\u00fck n\u00e9lk\u00fcl.<\/p><div id=\"scann-3516645454\" class=\"scann-search-with-key-place\" style=\"margin-top: 10px;margin-bottom: 10px;\"><div style=\"padding: 40px 20px; background-image: url(https:\/\/scannero.com\/blog\/wp-content\/uploads\/2025\/05\/blueb.jpg); text-align: center; border-radius: 12px; max-width: 600px; margin: 0 auto;\">\r\n  <form role=\"search\" method=\"get\" action=\"https:\/\/scannero.com\/blog\/hu\/\" style=\"display: flex; flex-wrap: wrap; justify-content: center; gap: 10px;\" data-trp-original-action=\"https:\/\/scannero.com\/blog\/hu\/\">\r\n    <input\r\n      type=\"search\"\r\n      name=\"s\"\r\n      placeholder=\"keres\u00e9s minden, amire sz\u00fcks\u00e9ge van\"\r\n      value=\"\"\r\n      style=\"flex: 1 1 200px; min-width: 0; padding: 12px 16px; font-size: 16px; border: 1px solid #ccc; border-radius: 8px;\"\r\n    \/>\r\n    <button type=\"submit\" style=\"padding: 12px 24px; font-size: 16px; background-color: #f48343; color: white; border: none; border-radius: 8px; cursor: pointer;\">\r\n      Keres\u00e9s\r\n    <\/button>\r\n  <input type=\"hidden\" name=\"trp-form-language\" value=\"hu\"\/><\/form>\r\n\r\n  <div style=\"margin-top: 20px; font-size: 16px; color: #bcbbbb;\">\r\n    <span style=\"color: #bcbbbb; font-size: 16px;\">p\u00e9ld\u00e1ul: <a href='https:\/\/scannero.io\/blog\/how-to-find-someone-on-facebook-by-phone-number\/' style='color: #bcbbbb; font-size: 16px; text-decoration: none;'>tal\u00e1lsz valakit telefonsz\u00e1m alapj\u00e1n a facebookon<\/a>, <a href='https:\/\/scannero.io\/blog\/i-lost-my-phone-in-uber-how-to-track-and-get-it-back\/' style='color: #bcbbbb; font-size: 16px; text-decoration: none;'>elveszett telefon az uberben, hogyan l\u00e9phet kapcsolatba a vezet\u0151vel<\/a><\/span>  <\/div>\r\n<\/div>\r\n<\/div>\n\n\n\n<p>Az olyan \u00e1llamok, mint \u00c9szak-Karolina, t\u00f6rv\u00e9nytelennek tekintik valaki tart\u00f3zkod\u00e1si hely\u00e9nek kifejezett beleegyez\u00e9se n\u00e9lk\u00fcl t\u00f6rt\u00e9n\u0151 nyomon k\u00f6vet\u00e9s\u00e9t a kiberstalking megel\u0151z\u00e9s\u00e9re vonatkoz\u00f3 t\u00f6rv\u00e9nyek \u00e9rtelm\u00e9ben. Illinois nem enged\u00e9lyezi a helymeghat\u00e1roz\u00e1st, de kiv\u00e9telk\u00e9nt lehet\u0151v\u00e9 teszi a munk\u00e1ltat\u00f3k sz\u00e1m\u00e1ra, hogy nyomon k\u00f6vess\u00e9k alkalmazottaik munk\u00e1j\u00e1t. Virginia \u00e1ltal\u00e1noss\u00e1gban tiltja a gyan\u00fatlan szem\u00e9lyek nyomon k\u00f6vet\u00e9s\u00e9t, de kiv\u00e9telk\u00e9nt megengedi a mag\u00e1nnyomoz\u00f3knak, hogy ugyanezt tegy\u00e9k.<\/p>\n\n\n\n<p>Ezek az esetek azt mutatj\u00e1k, hogy a t\u00f6rv\u00e9nyek milyen \u00e1rnyaltak. <a href=\"https:\/\/www.ncsl.org\/technology-and-communication\/private-use-of-location-tracking-devices-state-statutes#:~:text=Makes%20it%20unlawful%20to%20knowingly,the%20location%20of%20any%20person.\">NCSL<\/a> Az oldal nagyszer\u0171 forr\u00e1s a nyomon k\u00f6vet\u00e9ssel kapcsolatos \u00e1llami t\u00f6rv\u00e9nyekkel kapcsolatos tov\u00e1bbi inform\u00e1ci\u00f3khoz. K\u00f6vesse az \u00e1llam korm\u00e1ny\u00e1nak t\u00f6rv\u00e9nyeit, miel\u0151tt b\u00e1rkit is nyomon k\u00f6vetne.<\/p>\n\n\n\n<h2 class=\"wp-block-heading\">A GPS Tracker Jogi probl\u00e9m\u00e1k<\/h2>\n\n\n\n<p>Illeg\u00e1lis k\u00f6vetni valakinek a telefonj\u00e1t? A helyzett\u0151l \u00e9s a ter\u00fcletre vonatkoz\u00f3 jogszab\u00e1lyokt\u00f3l f\u00fcgg. A GPS nyomk\u00f6vet\u0151k sz\u00e1mos okb\u00f3l j\u00f3l j\u00f6hetnek. De meg kell felelni\u00fck az \u00e1llami \u00e9s sz\u00f6vets\u00e9gi el\u0151\u00edr\u00e1soknak.<\/p>\n\n\n\n<p>A k\u00fcl\u00f6nb\u00f6z\u0151 \u00e1llamok k\u00fcl\u00f6nb\u00f6z\u0151 szint\u0171 adatv\u00e9delmi t\u00f6rv\u00e9nyeket alkalmaznak az egy\u00e9nek \u00e9s entit\u00e1sok v\u00e9delm\u00e9re. A GPS-k\u00f6vet\u00e9s jogszer\u0171 \u00e9s jogellenes esetei k\u00f6z\u00f6tti hat\u00e1rvonal h\u00faz\u00e1sa egyre bonyolultabb. Egy kis kutat\u00e1s messze elker\u00fcli, hogy bajba ker\u00fclj\u00f6n.<\/p>\n\n\n\n<p>Miel\u0151tt b\u00e1rmilyen nyomk\u00f6vet\u0151 eszk\u00f6zt vagy szoftvert haszn\u00e1lna, a legjobb, ha konzult\u00e1l a helyi rend\u0151rs\u00e9ggel. Az \u00e9rv\u00e9nyess\u00e9g biztos\u00edt\u00e1sa \u00e9rdek\u00e9ben egy helyi \u00fcgyv\u00e9dnek, aki foly\u00e9konyan ismeri a szem\u00e9lyes \u00e9s kereskedelmi jogot az adatv\u00e9delemmel kapcsolatban, ellen\u0151riznie kell ugyanazokat az inform\u00e1ci\u00f3kat.<\/p>\n\n\n\n<h2 class=\"wp-block-heading\">Hogyan lehet leg\u00e1lisan k\u00f6vetni az embereket?<\/h2>\n\n\n<div class=\"wp-block-image\">\n<figure class=\"aligncenter size-full is-resized\"><a href=\"https:\/\/scannero.com\/?utm_source=scannero.com\/blog&amp;utm_medium=referral&amp;utm_campaign=is-it-illegal-to-track-someones-phone\"><img loading=\"lazy\" decoding=\"async\" width=\"392\" height=\"792\" src=\"https:\/\/scannero.com\/blog\/wp-content\/uploads\/2024\/04\/scannero-affiliate.png\" alt=\"\" class=\"wp-image-727\" style=\"width:214px;height:auto\" srcset=\"https:\/\/scannero.com\/blog\/wp-content\/uploads\/2024\/04\/scannero-affiliate.png 392w, https:\/\/scannero.com\/blog\/wp-content\/uploads\/2024\/04\/scannero-affiliate-148x300.png 148w, https:\/\/scannero.com\/blog\/wp-content\/uploads\/2024\/04\/scannero-affiliate-6x12.png 6w\" sizes=\"auto, (max-width: 392px) 100vw, 392px\" \/><\/a><\/figure>\n<\/div>\n\n\n<p>K\u00edv\u00e1ncsi vagy, hogyan lehet leg\u00e1lisan nyomon k\u00f6vetni szeretteidet? <a href=\"https:\/\/scannero.com\/?utm_source=scannero.com\/blog&amp;utm_medium=referral&amp;utm_campaign=is-it-illegal-to-track-someones-phone\"><strong>Scannero<\/strong><\/a> az \u00d6n ide\u00e1lis megold\u00e1sa! Legyen sz\u00f3 partnere vagy gyermeke biztons\u00e1g\u00e1r\u00f3l, vagy a bar\u00e1taival val\u00f3 t\u00e1voli kapcsolattart\u00e1sr\u00f3l, itt van, hogy seg\u00edtsen. Leg\u00e1lisan nyomon k\u00f6vetheti b\u00e1rki tart\u00f3zkod\u00e1si hely\u00e9t a telefonsz\u00e1m\u00e1val!<\/p>\n\n\n\n<p>A Scannero, egy fejlett f\u00f6ldrajzi nyomk\u00f6vet\u0151 eszk\u00f6z, h\u00e1romsz\u00f6gel\u00e9s seg\u00edts\u00e9g\u00e9vel becs\u00fcli meg b\u00e1rmely telefon hozz\u00e1vet\u0151leges hely\u00e9t. A helyadatok megszerz\u00e9s\u00e9hez teljes m\u00e9rt\u00e9kben a felhaszn\u00e1l\u00f3 hozz\u00e1j\u00e1rul\u00e1s\u00e1ra t\u00e1maszkodik, \u00edgy biztos lehet benne.<\/p>\n\n\n\n<p>A Scannero seg\u00edts\u00e9g\u00e9vel h\u00e1rom egyszer\u0171 l\u00e9p\u00e9sben megtal\u00e1lhatja b\u00e1rki tart\u00f3zkod\u00e1si hely\u00e9t:<\/p>\n\n\n\n<ol class=\"wp-block-list\">\n<li>El\u0151sz\u00f6r jelentkezzen be fi\u00f3kj\u00e1ba e-mail c\u00edm\u00e9vel \u00e9s jelszav\u00e1val, \u00e9s adja meg a telefonsz\u00e1mot, amelynek pontos hely\u00e9t szeretn\u00e9 tudni.<\/li>\n\n\n\n<li>Helymeghat\u00e1roz\u00e1si k\u00e9relmet k\u00fcld nekik sz\u00f6veges \u00fczenetben, e-mailben vagy b\u00e1rmilyen \u00fczenetk\u00fcld\u0151n kereszt\u00fcl. Az \u00fczenetet a saj\u00e1t st\u00edlusodhoz szabhatod, \u00edgy n\u00f6velve annak es\u00e9ly\u00e9t, hogy a c\u00edmzett r\u00e1kattint a linkre! A k\u00e9relmet fogad\u00f3 szem\u00e9ly szabadon iratkozhat fel, vagy lemondhat err\u0151l a k\u00e9r\u00e9sr\u0151l.<\/li>\n\n\n\n<li>Miut\u00e1n r\u00e1kattintottak a k\u00e9rt linkre, Voila! L\u00e1tni fogja a pontos helyadatokat, bele\u00e9rtve az utc\u00e1t, a koordin\u00e1t\u00e1kat \u00e9s a r\u00e9szletesebb adatokat.<\/li>\n<\/ol>\n\n\n\n<p>A helyk\u00f6vet\u00e9s mellett a Scannero sz\u00e1mos egy\u00e9b funkci\u00f3t is k\u00edn\u00e1l. Megkeresheti elveszett telefonj\u00e1t, vagy megkeresheti az ismeretlen sz\u00e1mokr\u00f3l \u00e9rkez\u0151 h\u00edv\u00e1sokat, hogy megtal\u00e1lja a szem\u00e9lyazonoss\u00e1g\u00e1t. Megv\u00e9dheti online mag\u00e1n\u00e9let\u00e9t, ha megn\u00e9zi, mely online adatb\u00e1zisok tartalmazz\u00e1k szem\u00e9lyes adatait. Ez az \u00d6n teljes k\u00f6r\u0171 megold\u00e1sa b\u00e1rmely telefon hely\u00e9nek val\u00f3s id\u0151ben t\u00f6rt\u00e9n\u0151 nyomon k\u00f6vet\u00e9s\u00e9re.<\/p>\n\n\n\n<div class=\"cta-banner-post\">\n        <img decoding=\"async\" class=\"cta-banner-post__logo\" width=\"60\" height=\"60px\" src=\"https:\/\/scannero.com\/blog\/wp-content\/themes\/blogscannero\/statics\/banner\/banner-cta-logo.png\" alt=\"\">\n        <div class=\"cta-banner-post__wrapper\">\n            <div class=\"cta-banner-post__text\">\n                <h4 class=\"cta-banner-post__title\">K\u00f6vesse nyomon a telefont leg\u00e1lisan<\/h4>\n                <p>ellen\u0151rizze a helyet 1 kattint\u00e1ssal<\/p>\n            <\/div>\n        <\/div>\n        <a id=\"banner-btn\" utm-medium=\"btn_banner_try_now\" class=\"button cta-banner-post__button\" href=\"https:\/\/scannero.com\/?utm_source=scannero.com\/blog&amp;utm_medium=referral&amp;utm_campaign=is-it-illegal-to-track-someones-phone\">FOGJ NEKI<\/a>\n        <\/div>\n\n\n\n<h2 class=\"wp-block-heading\">K\u00f6vetkeztet\u00e9s<\/h2>\n\n\n\n<p>A v\u00e1lasz az \u00e1tfog\u00f3 k\u00e9rd\u00e9sre: &quot;Illeg\u00e1lis valaki nyomon k\u00f6vet\u00e9se?&quot; r\u00e9teges. A Scannero haszn\u00e1lat\u00e1val a helyk\u00f6vet\u00e9s r\u00e9v\u00e9n leg\u00e1lisan kapcsolatban maradhat bar\u00e1taival, csal\u00e1dj\u00e1val \u00e9s h\u00e1zast\u00e1rs\u00e1val, \u00e9s gondoskodhat biztons\u00e1gukr\u00f3l. Megfizethet\u0151, gyors \u00e9s biztons\u00e1gos, \u00e9s a k\u00f6vetkez\u0151 helyk\u00e9r\u00e9se csak n\u00e9h\u00e1ny l\u00e9p\u00e9sre van.<\/p>","protected":false},"excerpt":{"rendered":"<p>Az adatok megoszt\u00e1sa manaps\u00e1g a legt\u00f6bb alkalmaz\u00e1s haszn\u00e1latakor szinte elker\u00fclhetetlen. T\u00f6bb mint 82.78% iOS-alkalmaz\u00e1s nyomon k\u00f6veti a priv\u00e1t felhaszn\u00e1l\u00f3i adatokat, ez\u00e9rt elmos\u00f3dnak a hat\u00e1rvonalak az elfogadhat\u00f3 \u00e9s a leg\u00e1lis k\u00f6z\u00f6tt. Felmer\u00fclhet benned a k\u00e9rd\u00e9s \u2013 illeg\u00e1lis valakinek a telefonj\u00e1t k\u00f6vetni? A v\u00e1lasz erre \u00f6sszetett. Tudjunk meg t\u00f6bbet! Illeg\u00e1lis-e [\u2026]<\/p>","protected":false},"author":1,"featured_media":761,"comment_status":"closed","ping_status":"closed","sticky":false,"template":"","format":"standard","meta":{"footnotes":""},"categories":[5],"tags":[],"class_list":["post-758","post","type-post","status-publish","format-standard","has-post-thumbnail","hentry","category-how-to"],"yoast_head":"<!-- This site is optimized with the Yoast SEO plugin v26.9 - https:\/\/yoast.com\/product\/yoast-seo-wordpress\/ -->\n<title>Is It Illegal to Track Someone? Find Out More<\/title>\n<meta name=\"description\" content=\"Wish to track people? Learn about tracking &amp; laws around it. Use Scannero to get location data on any phone number today!\" \/>\n<meta name=\"robots\" content=\"index, follow, max-snippet:-1, max-image-preview:large, max-video-preview:-1\" \/>\n<link rel=\"canonical\" href=\"https:\/\/scannero.com\/blog\/hu\/is-it-illegal-to-track-someones-phone\/\" \/>\n<meta property=\"og:locale\" content=\"hu_HU\" \/>\n<meta property=\"og:type\" content=\"article\" \/>\n<meta property=\"og:title\" content=\"Is It Illegal to Track Someone? Find Out More\" \/>\n<meta property=\"og:description\" content=\"Wish to track people? Learn about tracking &amp; laws around it. Use Scannero to get location data on any phone number today!\" \/>\n<meta property=\"og:url\" content=\"https:\/\/scannero.com\/blog\/hu\/is-it-illegal-to-track-someones-phone\/\" \/>\n<meta property=\"og:site_name\" content=\"Scannero\" \/>\n<meta property=\"article:published_time\" content=\"2024-05-28T11:19:32+00:00\" \/>\n<meta property=\"article:modified_time\" content=\"2026-02-13T09:11:22+00:00\" \/>\n<meta property=\"og:image\" content=\"https:\/\/scannero.com\/blog\/wp-content\/uploads\/2024\/05\/Is-It-Illegal-to-Track-Someones-Phone.jpg\" \/>\n\t<meta property=\"og:image:width\" content=\"2218\" \/>\n\t<meta property=\"og:image:height\" content=\"1358\" \/>\n\t<meta property=\"og:image:type\" content=\"image\/jpeg\" \/>\n<meta name=\"author\" content=\"Nicklaus Borer\" \/>\n<meta name=\"twitter:card\" content=\"summary_large_image\" \/>\n<meta name=\"twitter:label1\" content=\"Szerz\u0151:\" \/>\n\t<meta name=\"twitter:data1\" content=\"Nicklaus Borer\" \/>\n\t<meta name=\"twitter:label2\" content=\"Becs\u00fclt olvas\u00e1si id\u0151\" \/>\n\t<meta name=\"twitter:data2\" content=\"5 perc\" \/>\n<script type=\"application\/ld+json\" class=\"yoast-schema-graph\">{\"@context\":\"https:\/\/schema.org\",\"@graph\":[{\"@type\":\"Article\",\"@id\":\"https:\/\/scannero.com\/blog\/is-it-illegal-to-track-someones-phone\/#article\",\"isPartOf\":{\"@id\":\"https:\/\/scannero.com\/blog\/is-it-illegal-to-track-someones-phone\/\"},\"author\":{\"name\":\"Nicklaus Borer\",\"@id\":\"https:\/\/scannero.com\/blog\/#\/schema\/person\/3b045ee40250282c0361bf61041670a7\"},\"headline\":\"Is It Illegal to Track Someone\u2019s Phone? Let&#8217;s Investigate\",\"datePublished\":\"2024-05-28T11:19:32+00:00\",\"dateModified\":\"2026-02-13T09:11:22+00:00\",\"mainEntityOfPage\":{\"@id\":\"https:\/\/scannero.com\/blog\/is-it-illegal-to-track-someones-phone\/\"},\"wordCount\":996,\"image\":{\"@id\":\"https:\/\/scannero.com\/blog\/is-it-illegal-to-track-someones-phone\/#primaryimage\"},\"thumbnailUrl\":\"https:\/\/scannero.com\/blog\/wp-content\/uploads\/2024\/05\/Is-It-Illegal-to-Track-Someones-Phone.jpg\",\"articleSection\":[\"How To\"],\"inLanguage\":\"hu\"},{\"@type\":\"WebPage\",\"@id\":\"https:\/\/scannero.com\/blog\/is-it-illegal-to-track-someones-phone\/\",\"url\":\"https:\/\/scannero.com\/blog\/is-it-illegal-to-track-someones-phone\/\",\"name\":\"Is It Illegal to Track Someone? Find Out More\",\"isPartOf\":{\"@id\":\"https:\/\/scannero.com\/blog\/#website\"},\"primaryImageOfPage\":{\"@id\":\"https:\/\/scannero.com\/blog\/is-it-illegal-to-track-someones-phone\/#primaryimage\"},\"image\":{\"@id\":\"https:\/\/scannero.com\/blog\/is-it-illegal-to-track-someones-phone\/#primaryimage\"},\"thumbnailUrl\":\"https:\/\/scannero.com\/blog\/wp-content\/uploads\/2024\/05\/Is-It-Illegal-to-Track-Someones-Phone.jpg\",\"datePublished\":\"2024-05-28T11:19:32+00:00\",\"dateModified\":\"2026-02-13T09:11:22+00:00\",\"author\":{\"@id\":\"https:\/\/scannero.com\/blog\/#\/schema\/person\/3b045ee40250282c0361bf61041670a7\"},\"description\":\"Wish to track people? Learn about tracking & laws around it. Use Scannero to get location data on any phone number today!\",\"breadcrumb\":{\"@id\":\"https:\/\/scannero.com\/blog\/is-it-illegal-to-track-someones-phone\/#breadcrumb\"},\"inLanguage\":\"hu\",\"potentialAction\":[{\"@type\":\"ReadAction\",\"target\":[\"https:\/\/scannero.com\/blog\/is-it-illegal-to-track-someones-phone\/\"]}]},{\"@type\":\"ImageObject\",\"inLanguage\":\"hu\",\"@id\":\"https:\/\/scannero.com\/blog\/is-it-illegal-to-track-someones-phone\/#primaryimage\",\"url\":\"https:\/\/scannero.com\/blog\/wp-content\/uploads\/2024\/05\/Is-It-Illegal-to-Track-Someones-Phone.jpg\",\"contentUrl\":\"https:\/\/scannero.com\/blog\/wp-content\/uploads\/2024\/05\/Is-It-Illegal-to-Track-Someones-Phone.jpg\",\"width\":2218,\"height\":1358,\"caption\":\"Is It Illegal to Track Someone\u2019s Phone\"},{\"@type\":\"BreadcrumbList\",\"@id\":\"https:\/\/scannero.com\/blog\/is-it-illegal-to-track-someones-phone\/#breadcrumb\",\"itemListElement\":[{\"@type\":\"ListItem\",\"position\":1,\"name\":\"Home\",\"item\":\"https:\/\/scannero.com\/blog\/\"},{\"@type\":\"ListItem\",\"position\":2,\"name\":\"Is It Illegal to Track Someone\u2019s Phone? Let&#8217;s Investigate\"}]},{\"@type\":\"WebSite\",\"@id\":\"https:\/\/scannero.com\/blog\/#website\",\"url\":\"https:\/\/scannero.com\/blog\/\",\"name\":\"Scannero\",\"description\":\"Tricks and tips on how to check GPS location\",\"potentialAction\":[{\"@type\":\"SearchAction\",\"target\":{\"@type\":\"EntryPoint\",\"urlTemplate\":\"https:\/\/scannero.com\/blog\/?s={search_term_string}\"},\"query-input\":{\"@type\":\"PropertyValueSpecification\",\"valueRequired\":true,\"valueName\":\"search_term_string\"}}],\"inLanguage\":\"hu\"},{\"@type\":\"Person\",\"@id\":\"https:\/\/scannero.com\/blog\/#\/schema\/person\/3b045ee40250282c0361bf61041670a7\",\"name\":\"Nicklaus Borer\",\"image\":{\"@type\":\"ImageObject\",\"inLanguage\":\"hu\",\"@id\":\"https:\/\/scannero.com\/blog\/#\/schema\/person\/image\/\",\"url\":\"https:\/\/scannero.com\/blog\/wp-content\/uploads\/2024\/09\/Nicklaus-130x130.png\",\"contentUrl\":\"https:\/\/scannero.com\/blog\/wp-content\/uploads\/2024\/09\/Nicklaus-130x130.png\",\"caption\":\"Nicklaus Borer\"},\"description\":\"Greetings. I am a journalist and a computer engineer. I am engaged in research in the field of security, data and their publication on this blog.\",\"sameAs\":[\"https:\/\/scannero.com\/blog\/\"]}]}<\/script>\n<!-- \/ Yoast SEO plugin. -->","yoast_head_json":{"title":"Illeg\u00e1lis k\u00f6vetni valakit? Tudj meg t\u00f6bbet","description":"Szeretn\u00e9l k\u00f6vetni az embereket? Ismerje meg a nyomon k\u00f6vet\u00e9st \u00e9s a r\u00e1 vonatkoz\u00f3 t\u00f6rv\u00e9nyeket. Haszn\u00e1lja a Scanner\u00f3t, hogy helyadatokat kapjon b\u00e1rmely telefonsz\u00e1mr\u00f3l m\u00e9g ma!","robots":{"index":"index","follow":"follow","max-snippet":"max-snippet:-1","max-image-preview":"max-image-preview:large","max-video-preview":"max-video-preview:-1"},"canonical":"https:\/\/scannero.com\/blog\/hu\/is-it-illegal-to-track-someones-phone\/","og_locale":"hu_HU","og_type":"article","og_title":"Is It Illegal to Track Someone? Find Out More","og_description":"Wish to track people? Learn about tracking & laws around it. Use Scannero to get location data on any phone number today!","og_url":"https:\/\/scannero.com\/blog\/hu\/is-it-illegal-to-track-someones-phone\/","og_site_name":"Scannero","article_published_time":"2024-05-28T11:19:32+00:00","article_modified_time":"2026-02-13T09:11:22+00:00","og_image":[{"width":2218,"height":1358,"url":"https:\/\/scannero.com\/blog\/wp-content\/uploads\/2024\/05\/Is-It-Illegal-to-Track-Someones-Phone.jpg","type":"image\/jpeg"}],"author":"Nicklaus Borer","twitter_card":"summary_large_image","twitter_misc":{"Szerz\u0151:":"Nicklaus Borer","Becs\u00fclt olvas\u00e1si id\u0151":"5 perc"},"schema":{"@context":"https:\/\/schema.org","@graph":[{"@type":"Article","@id":"https:\/\/scannero.com\/blog\/is-it-illegal-to-track-someones-phone\/#article","isPartOf":{"@id":"https:\/\/scannero.com\/blog\/is-it-illegal-to-track-someones-phone\/"},"author":{"name":"Nicklaus Borer","@id":"https:\/\/scannero.com\/blog\/#\/schema\/person\/3b045ee40250282c0361bf61041670a7"},"headline":"Is It Illegal to Track Someone\u2019s Phone? Let&#8217;s Investigate","datePublished":"2024-05-28T11:19:32+00:00","dateModified":"2026-02-13T09:11:22+00:00","mainEntityOfPage":{"@id":"https:\/\/scannero.com\/blog\/is-it-illegal-to-track-someones-phone\/"},"wordCount":996,"image":{"@id":"https:\/\/scannero.com\/blog\/is-it-illegal-to-track-someones-phone\/#primaryimage"},"thumbnailUrl":"https:\/\/scannero.com\/blog\/wp-content\/uploads\/2024\/05\/Is-It-Illegal-to-Track-Someones-Phone.jpg","articleSection":["How To"],"inLanguage":"hu"},{"@type":"WebPage","@id":"https:\/\/scannero.com\/blog\/is-it-illegal-to-track-someones-phone\/","url":"https:\/\/scannero.com\/blog\/is-it-illegal-to-track-someones-phone\/","name":"Illeg\u00e1lis k\u00f6vetni valakit? Tudj meg t\u00f6bbet","isPartOf":{"@id":"https:\/\/scannero.com\/blog\/#website"},"primaryImageOfPage":{"@id":"https:\/\/scannero.com\/blog\/is-it-illegal-to-track-someones-phone\/#primaryimage"},"image":{"@id":"https:\/\/scannero.com\/blog\/is-it-illegal-to-track-someones-phone\/#primaryimage"},"thumbnailUrl":"https:\/\/scannero.com\/blog\/wp-content\/uploads\/2024\/05\/Is-It-Illegal-to-Track-Someones-Phone.jpg","datePublished":"2024-05-28T11:19:32+00:00","dateModified":"2026-02-13T09:11:22+00:00","author":{"@id":"https:\/\/scannero.com\/blog\/#\/schema\/person\/3b045ee40250282c0361bf61041670a7"},"description":"Szeretn\u00e9l k\u00f6vetni az embereket? Ismerje meg a nyomon k\u00f6vet\u00e9st \u00e9s a r\u00e1 vonatkoz\u00f3 t\u00f6rv\u00e9nyeket. Haszn\u00e1lja a Scanner\u00f3t, hogy helyadatokat kapjon b\u00e1rmely telefonsz\u00e1mr\u00f3l m\u00e9g ma!","breadcrumb":{"@id":"https:\/\/scannero.com\/blog\/is-it-illegal-to-track-someones-phone\/#breadcrumb"},"inLanguage":"hu","potentialAction":[{"@type":"ReadAction","target":["https:\/\/scannero.com\/blog\/is-it-illegal-to-track-someones-phone\/"]}]},{"@type":"ImageObject","inLanguage":"hu","@id":"https:\/\/scannero.com\/blog\/is-it-illegal-to-track-someones-phone\/#primaryimage","url":"https:\/\/scannero.com\/blog\/wp-content\/uploads\/2024\/05\/Is-It-Illegal-to-Track-Someones-Phone.jpg","contentUrl":"https:\/\/scannero.com\/blog\/wp-content\/uploads\/2024\/05\/Is-It-Illegal-to-Track-Someones-Phone.jpg","width":2218,"height":1358,"caption":"Is It Illegal to Track Someone\u2019s Phone"},{"@type":"BreadcrumbList","@id":"https:\/\/scannero.com\/blog\/is-it-illegal-to-track-someones-phone\/#breadcrumb","itemListElement":[{"@type":"ListItem","position":1,"name":"Home","item":"https:\/\/scannero.com\/blog\/"},{"@type":"ListItem","position":2,"name":"Is It Illegal to Track Someone\u2019s Phone? Let&#8217;s Investigate"}]},{"@type":"WebSite","@id":"https:\/\/scannero.com\/blog\/#website","url":"https:\/\/scannero.com\/blog\/","name":"Scannero","description":"Tr\u00fckk\u00f6k \u00e9s tippek a GPS-helyzet ellen\u0151rz\u00e9s\u00e9hez","potentialAction":[{"@type":"SearchAction","target":{"@type":"EntryPoint","urlTemplate":"https:\/\/scannero.com\/blog\/?s={search_term_string}"},"query-input":{"@type":"PropertyValueSpecification","valueRequired":true,"valueName":"search_term_string"}}],"inLanguage":"hu"},{"@type":"Person","@id":"https:\/\/scannero.com\/blog\/#\/schema\/person\/3b045ee40250282c0361bf61041670a7","name":"Nicklaus Borer","image":{"@type":"ImageObject","inLanguage":"hu","@id":"https:\/\/scannero.com\/blog\/#\/schema\/person\/image\/","url":"https:\/\/scannero.com\/blog\/wp-content\/uploads\/2024\/09\/Nicklaus-130x130.png","contentUrl":"https:\/\/scannero.com\/blog\/wp-content\/uploads\/2024\/09\/Nicklaus-130x130.png","caption":"Nicklaus Borer"},"description":"\u00dcdv\u00f6zlet. \u00dajs\u00e1g\u00edr\u00f3 \u00e9s sz\u00e1m\u00edt\u00e1stechnikai m\u00e9rn\u00f6k vagyok. Kutat\u00e1ssal foglalkozom a biztons\u00e1g, az adatok \u00e9s ezek publik\u00e1l\u00e1sa ezen a blogon.","sameAs":["https:\/\/scannero.com\/blog\/"]}]}},"_links":{"self":[{"href":"https:\/\/scannero.com\/blog\/hu\/wp-json\/wp\/v2\/posts\/758","targetHints":{"allow":["GET"]}}],"collection":[{"href":"https:\/\/scannero.com\/blog\/hu\/wp-json\/wp\/v2\/posts"}],"about":[{"href":"https:\/\/scannero.com\/blog\/hu\/wp-json\/wp\/v2\/types\/post"}],"author":[{"embeddable":true,"href":"https:\/\/scannero.com\/blog\/hu\/wp-json\/wp\/v2\/users\/1"}],"replies":[{"embeddable":true,"href":"https:\/\/scannero.com\/blog\/hu\/wp-json\/wp\/v2\/comments?post=758"}],"version-history":[{"count":4,"href":"https:\/\/scannero.com\/blog\/hu\/wp-json\/wp\/v2\/posts\/758\/revisions"}],"predecessor-version":[{"id":1383,"href":"https:\/\/scannero.com\/blog\/hu\/wp-json\/wp\/v2\/posts\/758\/revisions\/1383"}],"wp:featuredmedia":[{"embeddable":true,"href":"https:\/\/scannero.com\/blog\/hu\/wp-json\/wp\/v2\/media\/761"}],"wp:attachment":[{"href":"https:\/\/scannero.com\/blog\/hu\/wp-json\/wp\/v2\/media?parent=758"}],"wp:term":[{"taxonomy":"category","embeddable":true,"href":"https:\/\/scannero.com\/blog\/hu\/wp-json\/wp\/v2\/categories?post=758"},{"taxonomy":"post_tag","embeddable":true,"href":"https:\/\/scannero.com\/blog\/hu\/wp-json\/wp\/v2\/tags?post=758"}],"curies":[{"name":"wp","href":"https:\/\/api.w.org\/{rel}","templated":true}]}}